{"id":960,"date":"2005-10-27T22:57:00","date_gmt":"2005-10-27T22:57:00","guid":{"rendered":"https:\/\/ecletismomusical.pt\/o-tempo-e-a-imagem-movel-da-eternidade-imovel\/"},"modified":"2005-10-27T22:57:00","modified_gmt":"2005-10-27T22:57:00","slug":"o-tempo-e-a-imagem-movel-da-eternidade-imovel","status":"publish","type":"post","link":"https:\/\/www.ecletismomusical.pt\/en\/o-tempo-e-a-imagem-movel-da-eternidade-imovel\/","title":{"rendered":"\u00abO tempo \u00e9 a imagem m\u00f3vel da eternidade im\u00f3vel\u00bb"},"content":{"rendered":"<p><img height=\"240\" src=\"http:\/\/www.pucsp.br\/pos\/cesima\/schenberg\/cientistas\/platao2.jpg\" width=\"286\" \/> <span style=\"font-size:78%\">Plat\u00e3o<\/span><\/p>","protected":false},"excerpt":{"rendered":"<p>Plat\u00e3o<\/p>","protected":false},"author":1,"featured_media":0,"comment_status":"open","ping_status":"open","sticky":false,"template":"","format":"standard","meta":[],"categories":[1],"tags":[],"_links":{"self":[{"href":"https:\/\/www.ecletismomusical.pt\/en\/wp-json\/wp\/v2\/posts\/960"}],"collection":[{"href":"https:\/\/www.ecletismomusical.pt\/en\/wp-json\/wp\/v2\/posts"}],"about":[{"href":"https:\/\/www.ecletismomusical.pt\/en\/wp-json\/wp\/v2\/types\/post"}],"author":[{"embeddable":true,"href":"https:\/\/www.ecletismomusical.pt\/en\/wp-json\/wp\/v2\/users\/1"}],"replies":[{"embeddable":true,"href":"https:\/\/www.ecletismomusical.pt\/en\/wp-json\/wp\/v2\/comments?post=960"}],"version-history":[{"count":0,"href":"https:\/\/www.ecletismomusical.pt\/en\/wp-json\/wp\/v2\/posts\/960\/revisions"}],"wp:attachment":[{"href":"https:\/\/www.ecletismomusical.pt\/en\/wp-json\/wp\/v2\/media?parent=960"}],"wp:term":[{"taxonomy":"category","embeddable":true,"href":"https:\/\/www.ecletismomusical.pt\/en\/wp-json\/wp\/v2\/categories?post=960"},{"taxonomy":"post_tag","embeddable":true,"href":"https:\/\/www.ecletismomusical.pt\/en\/wp-json\/wp\/v2\/tags?post=960"}],"curies":[{"name":"wp","href":"https:\/\/api.w.org\/{rel}","templated":true}]}}