{"id":963,"date":"2005-10-18T01:00:00","date_gmt":"2005-10-18T01:00:00","guid":{"rendered":"https:\/\/ecletismomusical.pt\/tangosbolerosfadosdrama-box\/"},"modified":"2005-10-18T01:00:00","modified_gmt":"2005-10-18T01:00:00","slug":"tangosbolerosfadosdrama-box","status":"publish","type":"post","link":"https:\/\/www.ecletismomusical.pt\/en\/tangosbolerosfadosdrama-box\/","title":{"rendered":"Tangos+Boleros+Fados=Drama Box"},"content":{"rendered":"<p><img height=\"293\" src=\"http:\/\/images-eu.amazon.com\/images\/P\/B0009DC80I.01.LZZZZZZZ.jpg\" width=\"253\" \/><\/p>\n<p><a href=\"http:\/\/www.misia-online.com\/\">Drama Box<\/a> &#8211; M\u00edsia<br \/><img src=\"http:\/\/images-eu.amazon.com\/images\/G\/02\/detail\/stars-4-5.gif\" \/><\/p>\n<div><strong><em>[M\u00edsia apresenta, nos pr\u00f3ximos dias 27 e 28 de Outubro, na Sala Garrett do Teatro Nacional D. Maria II, a sua mais recente produ\u00e7\u00e3o, Drama Box. A actriz francesa Fanny Ardant estar\u00e1 presente no concerto de dia 27 lendo o poema de Vasco Gra\u00e7a Moura &#8220;Fogo Preso&#8221;, tal como acontece,no \u00faltimo disco de M\u00edsia, Drama Box. Bilhetes: + 351 &#8211; 21 3250835 \/ <a href=\"http:\/\/www.ticketline.pt\/\">ticketline<\/a>]<\/em><\/strong><\/p>\n<p>Desta vez, e porque o <a href=\"http:\/\/www.misia-online.com\/official\/pt\/dramabox.html\">texto<\/a> de apresenta\u00e7\u00e3o do \u00e1lbum, existente no site oficial de <strong>M\u00edsia<\/strong>, da autoria do escritor <strong>Ant\u00f3nio Pinto Ribeiro<\/strong>, \u00e9 simplesmente perfeito, opta-se por sugerir a leitura do mesmo. <a href=\"http:\/\/www.misia-online.com\/official\/pt\/dramabox.html\">Come\u00e7a assim<\/a>:<\/p>\n<p><em>\u00abDrama Box s\u00e3o tangos, boleros, fados; s\u00e3o letras e m\u00fasicas do sul que florescem de nervos e de vermelho aqui cantadas por M\u00edsia. Como uma atleta de emo\u00e7\u00f5es, como dizia Kleist para falar dos grandes actores, M\u00edsia faz-nos percorrer em Drama Box o ciclo irresist\u00edvel da paix\u00e3o: &#8220;primeiro hay que saber sufrir, despu\u00e9s amar, despu\u00e9s partir y al fin andar sin pensamiento&#8230;&#8221;\u00bb<\/em><\/p>\n<p>Est\u00e1 l\u00e1 tudo, descrevendo-se de forma magistral um disco enorme de uma artista, por vezes, incompreendida internamente, mas de n\u00edvel e reconhecimento mundial.<\/p>\n<p><strong>Alinhamento:<br \/><\/strong><br \/><span style=\"font-size:78%\"><strong>01. Ese Momento<br \/><\/strong><br \/>02. Te Extra\u00f1o<br \/><br \/>03. Fogo Preso (M. de Medeiros)<br \/>04. Fogo Preso<br \/><br \/>05. Anjo In\u00fatil<br \/><br \/>06. Fado do Lugar-Comun<br \/><br \/>07. E se a Morte me Despisse<br \/><br \/>08. Gavoita Doente<br \/><br \/>09. Se o Nosso Mundo Anoiteceu<br \/><br \/>10. Cicatrizes<br \/><br \/>11. Fado Adivinha II<br \/><br \/>12. Cora\u00e7ao Agulha<br \/><br \/>13. Naranjo en Flor<br \/><br \/>14. Los Marcados<br \/><br \/>15. Yo soy Maria<br \/><\/div>\n<p><\/span><\/p>","protected":false},"excerpt":{"rendered":"<p>Drama Box &#8211; M\u00edsia [M\u00edsia apresenta, nos pr\u00f3ximos dias 27 e 28 de Outubro, na Sala Garrett do Teatro Nacional D. Maria II, a sua mais recente produ\u00e7\u00e3o, Drama Box. A actriz francesa Fanny Ardant estar\u00e1 presente no concerto de dia 27 lendo o poema de Vasco Gra\u00e7a Moura &#8220;Fogo Preso&#8221;, tal como acontece,no \u00faltimo<\/p>","protected":false},"author":1,"featured_media":0,"comment_status":"open","ping_status":"open","sticky":false,"template":"","format":"standard","meta":[],"categories":[1],"tags":[],"_links":{"self":[{"href":"https:\/\/www.ecletismomusical.pt\/en\/wp-json\/wp\/v2\/posts\/963"}],"collection":[{"href":"https:\/\/www.ecletismomusical.pt\/en\/wp-json\/wp\/v2\/posts"}],"about":[{"href":"https:\/\/www.ecletismomusical.pt\/en\/wp-json\/wp\/v2\/types\/post"}],"author":[{"embeddable":true,"href":"https:\/\/www.ecletismomusical.pt\/en\/wp-json\/wp\/v2\/users\/1"}],"replies":[{"embeddable":true,"href":"https:\/\/www.ecletismomusical.pt\/en\/wp-json\/wp\/v2\/comments?post=963"}],"version-history":[{"count":0,"href":"https:\/\/www.ecletismomusical.pt\/en\/wp-json\/wp\/v2\/posts\/963\/revisions"}],"wp:attachment":[{"href":"https:\/\/www.ecletismomusical.pt\/en\/wp-json\/wp\/v2\/media?parent=963"}],"wp:term":[{"taxonomy":"category","embeddable":true,"href":"https:\/\/www.ecletismomusical.pt\/en\/wp-json\/wp\/v2\/categories?post=963"},{"taxonomy":"post_tag","embeddable":true,"href":"https:\/\/www.ecletismomusical.pt\/en\/wp-json\/wp\/v2\/tags?post=963"}],"curies":[{"name":"wp","href":"https:\/\/api.w.org\/{rel}","templated":true}]}}