{"id":964,"date":"2005-10-16T12:03:00","date_gmt":"2005-10-16T12:03:00","guid":{"rendered":"https:\/\/ecletismomusical.pt\/do-brasil-para-o-mundo\/"},"modified":"2005-10-16T12:03:00","modified_gmt":"2005-10-16T12:03:00","slug":"do-brasil-para-o-mundo","status":"publish","type":"post","link":"https:\/\/www.ecletismomusical.pt\/en\/do-brasil-para-o-mundo\/","title":{"rendered":"Do Brasil para o Mundo"},"content":{"rendered":"<div><a href=\"http:\/\/www.seujorge.com\/\"><img height=\"234\" src=\"http:\/\/images.amazon.com\/images\/P\/B000A7Q2AA.01._SCLZZZZZZZ_.jpg\" width=\"214\" \/><\/a><\/p>\n<p><a href=\"http:\/\/www.seujorge.com\/\">Cru<\/a> &#8211; Seu Jorge<br \/><img src=\"http:\/\/images-eu.amazon.com\/images\/G\/02\/detail\/stars-4-5.gif\" \/><\/p>\n<p><strong><em>[O m\u00fasico e actor brasileiro Seu Jorge estreia-se nos palcos portugueses em Novembro, com tr\u00eas concertos dia 3 na Aula Magna, em Lisboa; dia 4 na Casa da M\u00fasica, no Porto; e dia 6 no Teatro Micaelense, em Ponta Delgada, nos A\u00e7ores.]<\/em><br \/><\/strong><br \/><strong>Seu Jorge<\/strong>, \u00e9 o nome art\u00edstico do carioca <strong>Jorge M\u00e1rio da Silva<\/strong>, que lan\u00e7ou em 2004 o \u00e1lbum <strong>\u00abCru\u00bb<\/strong> pela editora francesa Naive, mas que s\u00f3 em Maio desde ano chegou a Portugal. Por c\u00e1, <strong>Seu Jorge<\/strong> \u00e9 sobretudo conhecido devido ao seu brilhante desempenho no filme <strong>Cidade de Deus<\/strong>.<\/p>\n<p>Mas, a criatividade de <strong>Seu Jorge<\/strong> estende-se ao campo musical, fazendo dele um dos novos nomes da m\u00fasica brasileira. Com produ\u00e7\u00e3o de <strong>Gringo da Parada<\/strong>, um dos fundadores do famoso <strong>\u00abFavela Chic\u00bb<\/strong> em Paris, este \u00e1lbum apresenta uma ambienta\u00e7\u00e3o muito pr\u00f3xima ao unplugged, com o melhor do samba de raiz.<\/p>\n<p>O sucesso de <strong>Seu Jorge<\/strong> em termos internacionais, nomeadamente na Europa e Estados Unidos, permitiu-lhe, inclusivamente, participar no recente filme <strong>The Life Aquatic<\/strong>, onde recria de forma magistral temas celebrizados por <strong>David Bowie<\/strong>.<\/p>\n<p><img height=\"276\" src=\"http:\/\/images.amazon.com\/images\/P\/B0006JMLI4.01._SCLZZZZZZZ_.jpg\" width=\"273\" \/><\/p>\n<p>A n\u00e3o perder, ao vivo, em <strong>Portugal a 3,4 e 6 de Novembro.<\/strong><\/p>\n<p><span style=\"font-size:78%\"><strong>Alinhamento:<\/strong><br \/>1. Tive Raz\u00e3o<br \/><br \/>2. Mania de Peit\u00e3o<br \/><br \/>3. Chatterton<br \/><br \/>4. Fiore de la Citta<br \/><br \/>5. Bem Querer<br \/><br \/>6. Don\u00b4t<br \/><br \/>7. S\u00e3o Gon\u00e7a<br \/><br \/>8. Bola de Meia<br \/><br \/>9. Una Mujer<br \/><br \/>10. Eu Sou Favela<br \/><\/span><\/div>\n<p><\/p>","protected":false},"excerpt":{"rendered":"<p>Cru &#8211; Seu Jorge [O m\u00fasico e actor brasileiro Seu Jorge estreia-se nos palcos portugueses em Novembro, com tr\u00eas concertos dia 3 na Aula Magna, em Lisboa; dia 4 na Casa da M\u00fasica, no Porto; e dia 6 no Teatro Micaelense, em Ponta Delgada, nos A\u00e7ores.]Seu Jorge, \u00e9 o nome art\u00edstico do carioca Jorge M\u00e1rio<\/p>","protected":false},"author":1,"featured_media":0,"comment_status":"open","ping_status":"open","sticky":false,"template":"","format":"standard","meta":[],"categories":[1],"tags":[],"_links":{"self":[{"href":"https:\/\/www.ecletismomusical.pt\/en\/wp-json\/wp\/v2\/posts\/964"}],"collection":[{"href":"https:\/\/www.ecletismomusical.pt\/en\/wp-json\/wp\/v2\/posts"}],"about":[{"href":"https:\/\/www.ecletismomusical.pt\/en\/wp-json\/wp\/v2\/types\/post"}],"author":[{"embeddable":true,"href":"https:\/\/www.ecletismomusical.pt\/en\/wp-json\/wp\/v2\/users\/1"}],"replies":[{"embeddable":true,"href":"https:\/\/www.ecletismomusical.pt\/en\/wp-json\/wp\/v2\/comments?post=964"}],"version-history":[{"count":0,"href":"https:\/\/www.ecletismomusical.pt\/en\/wp-json\/wp\/v2\/posts\/964\/revisions"}],"wp:attachment":[{"href":"https:\/\/www.ecletismomusical.pt\/en\/wp-json\/wp\/v2\/media?parent=964"}],"wp:term":[{"taxonomy":"category","embeddable":true,"href":"https:\/\/www.ecletismomusical.pt\/en\/wp-json\/wp\/v2\/categories?post=964"},{"taxonomy":"post_tag","embeddable":true,"href":"https:\/\/www.ecletismomusical.pt\/en\/wp-json\/wp\/v2\/tags?post=964"}],"curies":[{"name":"wp","href":"https:\/\/api.w.org\/{rel}","templated":true}]}}