{"id":972,"date":"2005-09-29T15:32:00","date_gmt":"2005-09-29T15:32:00","guid":{"rendered":"https:\/\/ecletismomusical.pt\/parker-and-lily-em-famalicao\/"},"modified":"2005-09-29T15:32:00","modified_gmt":"2005-09-29T15:32:00","slug":"parker-and-lily-em-famalicao","status":"publish","type":"post","link":"https:\/\/www.ecletismomusical.pt\/en\/parker-and-lily-em-famalicao\/","title":{"rendered":"Parker And Lily em Famalic\u00e3o"},"content":{"rendered":"<p><img height=\"240\" src=\"http:\/\/www.orangerecordings.com\/Resources\/Parker-and-Lily-bw-tag-team.jpg\" width=\"282\" \/><\/p>\n<p>Informa\u00e7\u00e3o via <a href=\"http:\/\/som-activo.blogspot.com\/2005\/09\/parker-and-lily-data-nica-em-famalico.html\">Som Activo<\/a>.(Post complet\u00edssimo sobre o duo)<\/p>\n<p><strong>PARKER AND LILY (EUA)<\/strong><br \/><strong>8 Outubro<\/strong><br \/>s\u00e1bado 23.30<br \/>caf\u00e9 concerto<br \/>Entrada: 5 euros<br \/><a href=\"http:\/\/www.parkerandlily.com\/\">www.parkerandlily.com<\/a><\/p>\n<p>\u00abMy Golden Arm\u00bb<br \/><\/p>","protected":false},"excerpt":{"rendered":"<p>Informa\u00e7\u00e3o via Som Activo.(Post complet\u00edssimo sobre o duo) PARKER AND LILY (EUA)8 Outubros\u00e1bado 23.30caf\u00e9 concertoEntrada: 5 euroswww.parkerandlily.com \u00abMy Golden Arm\u00bb<\/p>","protected":false},"author":1,"featured_media":0,"comment_status":"open","ping_status":"open","sticky":false,"template":"","format":"standard","meta":[],"categories":[1],"tags":[],"_links":{"self":[{"href":"https:\/\/www.ecletismomusical.pt\/en\/wp-json\/wp\/v2\/posts\/972"}],"collection":[{"href":"https:\/\/www.ecletismomusical.pt\/en\/wp-json\/wp\/v2\/posts"}],"about":[{"href":"https:\/\/www.ecletismomusical.pt\/en\/wp-json\/wp\/v2\/types\/post"}],"author":[{"embeddable":true,"href":"https:\/\/www.ecletismomusical.pt\/en\/wp-json\/wp\/v2\/users\/1"}],"replies":[{"embeddable":true,"href":"https:\/\/www.ecletismomusical.pt\/en\/wp-json\/wp\/v2\/comments?post=972"}],"version-history":[{"count":0,"href":"https:\/\/www.ecletismomusical.pt\/en\/wp-json\/wp\/v2\/posts\/972\/revisions"}],"wp:attachment":[{"href":"https:\/\/www.ecletismomusical.pt\/en\/wp-json\/wp\/v2\/media?parent=972"}],"wp:term":[{"taxonomy":"category","embeddable":true,"href":"https:\/\/www.ecletismomusical.pt\/en\/wp-json\/wp\/v2\/categories?post=972"},{"taxonomy":"post_tag","embeddable":true,"href":"https:\/\/www.ecletismomusical.pt\/en\/wp-json\/wp\/v2\/tags?post=972"}],"curies":[{"name":"wp","href":"https:\/\/api.w.org\/{rel}","templated":true}]}}