{"id":973,"date":"2005-09-27T17:35:00","date_gmt":"2005-09-27T17:35:00","guid":{"rendered":"https:\/\/ecletismomusical.pt\/eden-no-arraial-do-caloiro-do-ist\/"},"modified":"2005-09-27T17:35:00","modified_gmt":"2005-09-27T17:35:00","slug":"eden-no-arraial-do-caloiro-do-ist","status":"publish","type":"post","link":"https:\/\/www.ecletismomusical.pt\/en\/eden-no-arraial-do-caloiro-do-ist\/","title":{"rendered":"Eden no Arraial do Caloiro do IST"},"content":{"rendered":"<div><img height=\"167\" src=\"http:\/\/eden.pt\/fotos\/logo.jpg\" width=\"150\" \/><img height=\"168\" src=\"http:\/\/eden.pt\/fotos\/cartoomreal2.jpg\" width=\"373\" \/><\/p>\n<p><span style=\"font-size:85%\"><em><span style=\"font-size:78%\">\u00abOs Eden actuam no Arraial do Caloiro do Instituto Superior T\u00e9cnico no pr\u00f3ximo dia 29 de Setembro.<\/p>\n<p>Considerado o maior evento de \u201crecep\u00e7\u00e3o ao caloiro\u201d em Lisboa, a edi\u00e7\u00e3o de 2005 conta com a presen\u00e7a de grandes nomes da m\u00fasica nacional. No dia 29, ir\u00e3o actuar os Primitive Reason e os Blind Zero; no dia 30, os cabe\u00e7as de cartaz s\u00e3o os Expensive Soul, Body Rockers (banda brit\u00e2nica) e os Blasted Mechanism.<\/p>\n<p>O recinto, situado na alameda do T\u00e9cnico, disp\u00f5e de zona \u201cchill-out\u201d, zona Vip, \u00e1rea de desportos radicais, discoteca, e as habituais barracas das comiss\u00f5es de finalistas. A organiza\u00e7\u00e3o (Assoc. Estudantes do IST) estima a presen\u00e7a de mais de 20.000 pessoas neste evento. Os bilhetes est\u00e3o a venda nas lojas FNAC: o pre\u00e7o \u00e9 de 13 euros para os dois dias do festival.<\/p>\n<p>Para mais informa\u00e7\u00f5es, o site oficial do Arraial \u00e9 <\/span><\/em><a href=\"http:\/\/www.arraialdocaloiro.com\/\"><em><span style=\"font-size:78%\">www.arraialdocaloiro.com<\/span><\/em><\/a><em><span style=\"font-size:78%\">\u00bb<\/span><\/div>\n<p><\/em><\/span><\/p>\n<p>Os <strong>Eden<\/strong> s\u00e3o um colectivo origin\u00e1rio da <strong>Nazar\u00e9<\/strong>, que conta com 5 anos de exist\u00eancia. Em Maio de 2005, o grupo venceu o concurso da <strong>RTPN \u201cPortugal a tocar: novas bandas, novos talentos\u201d<\/strong> , o qual contou com a presen\u00e7a de 16 bandas oriundas de todo o pa\u00eds. A final deste concurso foi disputada em Castelo Branco, tendo sido transmitida pela RTPN no dia 11 de Junho.<\/p>\n<p>Como pr\u00e9mio, os Eden ir\u00e3o gravar em breve um DVD baseado num espect\u00e1culo ao vivo da banda (em data e local a anunciar).<\/p>\n<p><strong>Site Oficial<\/strong>: <a href=\"http:\/\/eden.pt\/index2.htm\">Eden<\/a><\/p>\n<p><span style=\"font-size:85%\"><strong>Algumas M\u00fasicas(videos &#8211; <\/strong><\/span><a href=\"http:\/\/eden.pt\/videos.htm\"><span style=\"font-size:85%\"><strong>aqui<\/strong><\/span><\/a><span style=\"font-size:85%\"><strong>):<\/strong><br \/><strong>Renascer das Cinzas<br \/><\/strong><br \/>At\u00e9 ao Fim do Mar<br \/><br \/>Fera Ferida<br \/><br \/>O Jogo<br \/><br \/>4 Elementos<br \/><\/span> <\/p><\/p>","protected":false},"excerpt":{"rendered":"<p>\u00abOs Eden actuam no Arraial do Caloiro do Instituto Superior T\u00e9cnico no pr\u00f3ximo dia 29 de Setembro. Considerado o maior evento de \u201crecep\u00e7\u00e3o ao caloiro\u201d em Lisboa, a edi\u00e7\u00e3o de 2005 conta com a presen\u00e7a de grandes nomes da m\u00fasica nacional. No dia 29, ir\u00e3o actuar os Primitive Reason e os Blind Zero; no dia<\/p>","protected":false},"author":1,"featured_media":0,"comment_status":"open","ping_status":"open","sticky":false,"template":"","format":"standard","meta":[],"categories":[1],"tags":[],"_links":{"self":[{"href":"https:\/\/www.ecletismomusical.pt\/en\/wp-json\/wp\/v2\/posts\/973"}],"collection":[{"href":"https:\/\/www.ecletismomusical.pt\/en\/wp-json\/wp\/v2\/posts"}],"about":[{"href":"https:\/\/www.ecletismomusical.pt\/en\/wp-json\/wp\/v2\/types\/post"}],"author":[{"embeddable":true,"href":"https:\/\/www.ecletismomusical.pt\/en\/wp-json\/wp\/v2\/users\/1"}],"replies":[{"embeddable":true,"href":"https:\/\/www.ecletismomusical.pt\/en\/wp-json\/wp\/v2\/comments?post=973"}],"version-history":[{"count":0,"href":"https:\/\/www.ecletismomusical.pt\/en\/wp-json\/wp\/v2\/posts\/973\/revisions"}],"wp:attachment":[{"href":"https:\/\/www.ecletismomusical.pt\/en\/wp-json\/wp\/v2\/media?parent=973"}],"wp:term":[{"taxonomy":"category","embeddable":true,"href":"https:\/\/www.ecletismomusical.pt\/en\/wp-json\/wp\/v2\/categories?post=973"},{"taxonomy":"post_tag","embeddable":true,"href":"https:\/\/www.ecletismomusical.pt\/en\/wp-json\/wp\/v2\/tags?post=973"}],"curies":[{"name":"wp","href":"https:\/\/api.w.org\/{rel}","templated":true}]}}