{"id":975,"date":"2005-09-23T17:18:00","date_gmt":"2005-09-23T17:18:00","guid":{"rendered":"https:\/\/ecletismomusical.pt\/donna-maria-concerto-1-de-outubro\/"},"modified":"2005-09-23T17:18:00","modified_gmt":"2005-09-23T17:18:00","slug":"donna-maria-concerto-1-de-outubro","status":"publish","type":"post","link":"https:\/\/www.ecletismomusical.pt\/en\/donna-maria-concerto-1-de-outubro\/","title":{"rendered":"Donna Maria: Concerto 1 de Outubro"},"content":{"rendered":"<p><img style=\"width: 250px;height: 382px\" src=\"http:\/\/photos1.blogger.com\/img\/54\/3732\/640\/cosmo_dm.jpg\" \/><\/p>\n<div style=\"text-align: justify\"><span style=\"font-style: italic\">\u00ab\u00c9 j\u00e1 no pr\u00f3ximo dia 1 de Outubro o concerto dos Donna Maria no Forum Lisboa. Este evento marca o nosso regresso a &#8220;casa&#8221; depois de nos \u00faltimos meses termos percorrido Portugal de Norte a Sul, passando pela Ilha da Madeira.<\/span><br \/><span style=\"font-style: italic\">O nosso concerto est\u00e1 inserido na programa\u00e7\u00e3o do festival internacional Cosmopolis, que vai j\u00e1 na sua 6\u00aa edi\u00e7\u00e3o.<\/span><br \/><span style=\"font-style: italic\">A 1\u00aa parte ser\u00e1 feita pelos franceses Bumcello.<\/span><br \/><span style=\"font-style: italic\">Hor\u00e1rio: 22:00H<\/span><br \/><span style=\"font-style: italic\">Pre\u00e7o: 10\u20ac<\/span><br \/><span style=\"font-style: italic\">\u00c0 venda locais habituais.<\/span><br \/><span style=\"font-style: italic\">http:\/\/www.ticketline.pt\/ (Clicar em FESTIVAL)\u00bb<\/span><\/p>\n<p><img style=\"width: 360px;height: 224px\" src=\"http:\/\/photos1.blogger.com\/img\/54\/3732\/640\/DSC_2455.jpg\" \/><br \/><span style=\"font-size:78%\">Foto Pedro Geraldes in Blog <a href=\"http:\/\/donna-maria.blogspot.com\/\">Donna Maria<\/a><\/span><\/p>\n<p>\u00abEst\u00e3o dispon\u00edveis cerca de 70 lugares para a 1\u00aa Plateia (+\/- at\u00e9 metade da sala), na Ticketline\/ FNAC e ag\u00eancias habituais.\u00bb<\/p>\n<p><\/p>\n<p>Mais informa\u00e7\u00f5es: <a href=\"http:\/\/donna-maria.blogspot.com\/\">Blog Oficial<\/a><br \/>Ouvir o \u00c1lbum: <a href=\"http:\/\/donnamarialetras.blogspot.com\/\">Aqui<\/a><\/div>","protected":false},"excerpt":{"rendered":"<p>\u00ab\u00c9 j\u00e1 no pr\u00f3ximo dia 1 de Outubro o concerto dos Donna Maria no Forum Lisboa. Este evento marca o nosso regresso a &#8220;casa&#8221; depois de nos \u00faltimos meses termos percorrido Portugal de Norte a Sul, passando pela Ilha da Madeira.O nosso concerto est\u00e1 inserido na programa\u00e7\u00e3o do festival internacional Cosmopolis, que vai j\u00e1 na<\/p>","protected":false},"author":1,"featured_media":0,"comment_status":"open","ping_status":"open","sticky":false,"template":"","format":"standard","meta":[],"categories":[1],"tags":[],"_links":{"self":[{"href":"https:\/\/www.ecletismomusical.pt\/en\/wp-json\/wp\/v2\/posts\/975"}],"collection":[{"href":"https:\/\/www.ecletismomusical.pt\/en\/wp-json\/wp\/v2\/posts"}],"about":[{"href":"https:\/\/www.ecletismomusical.pt\/en\/wp-json\/wp\/v2\/types\/post"}],"author":[{"embeddable":true,"href":"https:\/\/www.ecletismomusical.pt\/en\/wp-json\/wp\/v2\/users\/1"}],"replies":[{"embeddable":true,"href":"https:\/\/www.ecletismomusical.pt\/en\/wp-json\/wp\/v2\/comments?post=975"}],"version-history":[{"count":0,"href":"https:\/\/www.ecletismomusical.pt\/en\/wp-json\/wp\/v2\/posts\/975\/revisions"}],"wp:attachment":[{"href":"https:\/\/www.ecletismomusical.pt\/en\/wp-json\/wp\/v2\/media?parent=975"}],"wp:term":[{"taxonomy":"category","embeddable":true,"href":"https:\/\/www.ecletismomusical.pt\/en\/wp-json\/wp\/v2\/categories?post=975"},{"taxonomy":"post_tag","embeddable":true,"href":"https:\/\/www.ecletismomusical.pt\/en\/wp-json\/wp\/v2\/tags?post=975"}],"curies":[{"name":"wp","href":"https:\/\/api.w.org\/{rel}","templated":true}]}}