{"id":977,"date":"2005-09-17T15:00:00","date_gmt":"2005-09-17T15:00:00","guid":{"rendered":"https:\/\/ecletismomusical.pt\/porque-portugal-nao-e-so-futebol\/"},"modified":"2005-09-17T15:00:00","modified_gmt":"2005-09-17T15:00:00","slug":"porque-portugal-nao-e-so-futebol","status":"publish","type":"post","link":"https:\/\/www.ecletismomusical.pt\/en\/porque-portugal-nao-e-so-futebol\/","title":{"rendered":"Porque Portugal n\u00e3o \u00e9 s\u00f3 futebol&#8230;"},"content":{"rendered":"<div><a href=\"http:\/\/www.wctrampoline2005.nl\/\"><img alt=\"wctrampolines\" src=\"http:\/\/img289.imageshack.us\/img289\/5595\/clipimage0026tn.jpg\" width=\"378\" \/><\/a><br \/>&#8230;e este blog \u00e9 o que se quiser que seja.<\/p>\n<p>Est\u00e3o a decorrer na Holanda, os <a href=\"http:\/\/www.fig-gymnastics.com\/cache\/compo\/11410-119-10001.html\">Campeonatos do Mundo de Trampolins <\/a>(transmiss\u00f5es na Eurosport), com mais uma brilhante participa\u00e7\u00e3o dos atletas portugueses.<\/p>\n<p>A selec\u00e7\u00e3o portuguesa na especialidade de <strong>Duplo Mini-trampolim<\/strong>, voltou aos grandes momentos conquistando tr\u00eas medalhas, ficando perto das quatro alcan\u00e7adas nos campeonatos do mundo de Odense, em 2001.<\/p>\n<p>A equipa feminina de Duplo Mini-trampolim, constitu\u00edda por <strong>Ana Sim\u00f5es, Nicole Pacheco, S\u00edlvia Saiote e Marta Ferreira<\/strong> sagrou-se <strong>Campe\u00e3 do Mundo de Duplo mini-trampolim, <\/strong>superiorizando-se a selec\u00e7\u00f5es como a americana(2\u00ba) e a russa(4\u00ba). Sendo que, <strong>S\u00edlvia Saiote<\/strong> sagrou-se, ainda, <strong>Campe\u00e3 do Mundo<\/strong> da mesma categoria na competi\u00e7\u00e3o individual, tendo a atleta <strong>Ana Sim\u00f5es<\/strong> alcan\u00e7ado um brilhante terceiro lugar na mesma prova.<\/p>\n<p>Uma palavra ainda para a participa\u00e7\u00e3o da equipa masculina de Trampolim que conquistou um brilhante 5\u00ba lugar na final por equipas. Infelizmente, desta vez o nosso melhor atleta ol\u00edmpico (6\u00ba) &#8211; Nuno Merino &#8211; n\u00e3o esteve feliz, quer individualmente, quer na competi\u00e7\u00e3o sincronizada (com Amadeu Neves), n\u00e3o tendo conseguido repetir a brilhante vit\u00f3ria da Ta\u00e7a do Mundo, que decorreu em Agosto, na R\u00fassia.<\/p><\/div>\n<p><\/p>","protected":false},"excerpt":{"rendered":"<p>&#8230;e este blog \u00e9 o que se quiser que seja. Est\u00e3o a decorrer na Holanda, os Campeonatos do Mundo de Trampolins (transmiss\u00f5es na Eurosport), com mais uma brilhante participa\u00e7\u00e3o dos atletas portugueses. A selec\u00e7\u00e3o portuguesa na especialidade de Duplo Mini-trampolim, voltou aos grandes momentos conquistando tr\u00eas medalhas, ficando perto das quatro alcan\u00e7adas nos campeonatos do<\/p>","protected":false},"author":1,"featured_media":0,"comment_status":"open","ping_status":"open","sticky":false,"template":"","format":"standard","meta":[],"categories":[1],"tags":[],"_links":{"self":[{"href":"https:\/\/www.ecletismomusical.pt\/en\/wp-json\/wp\/v2\/posts\/977"}],"collection":[{"href":"https:\/\/www.ecletismomusical.pt\/en\/wp-json\/wp\/v2\/posts"}],"about":[{"href":"https:\/\/www.ecletismomusical.pt\/en\/wp-json\/wp\/v2\/types\/post"}],"author":[{"embeddable":true,"href":"https:\/\/www.ecletismomusical.pt\/en\/wp-json\/wp\/v2\/users\/1"}],"replies":[{"embeddable":true,"href":"https:\/\/www.ecletismomusical.pt\/en\/wp-json\/wp\/v2\/comments?post=977"}],"version-history":[{"count":0,"href":"https:\/\/www.ecletismomusical.pt\/en\/wp-json\/wp\/v2\/posts\/977\/revisions"}],"wp:attachment":[{"href":"https:\/\/www.ecletismomusical.pt\/en\/wp-json\/wp\/v2\/media?parent=977"}],"wp:term":[{"taxonomy":"category","embeddable":true,"href":"https:\/\/www.ecletismomusical.pt\/en\/wp-json\/wp\/v2\/categories?post=977"},{"taxonomy":"post_tag","embeddable":true,"href":"https:\/\/www.ecletismomusical.pt\/en\/wp-json\/wp\/v2\/tags?post=977"}],"curies":[{"name":"wp","href":"https:\/\/api.w.org\/{rel}","templated":true}]}}