{"id":979,"date":"2005-09-09T23:12:00","date_gmt":"2005-09-09T23:12:00","guid":{"rendered":"https:\/\/ecletismomusical.pt\/este-blog-faz-hoje\/"},"modified":"2005-09-09T23:12:00","modified_gmt":"2005-09-09T23:12:00","slug":"este-blog-faz-hoje","status":"publish","type":"post","link":"https:\/\/www.ecletismomusical.pt\/en\/este-blog-faz-hoje\/","title":{"rendered":"Este Blog Faz Hoje&#8230;"},"content":{"rendered":"<div><img height=\"235\" src=\"http:\/\/www.metro.net.pl\/artpic\/galanmet\/Cm-ANO(1).jpg\" width=\"174\" \/> <span style=\"font-size:180%\">ANO<\/span><\/p>\n<p>Agradece-se a todos quantos, ao longo deste ano, leram, comentaram, sugeriram, criticaram, protestaram, elogiaram e, no fundo, contribu\u00edram para que este blog fosse um instrumento de informa\u00e7\u00e3o e de partilha de opini\u00f5es.<\/p>\n<p>Uma palavra especial para todos os que visitam o EM, a partir dos mais variados pontos do globo.<\/p>\n<p>Obrigado a todos!<\/p><\/div>\n<div> <\/div>\n<div><a href=\"mailto:ecletismomusical@yahoo.co.uk\">ecletismomusical@yahoo.co.uk<\/a><\/div>","protected":false},"excerpt":{"rendered":"<p>ANO Agradece-se a todos quantos, ao longo deste ano, leram, comentaram, sugeriram, criticaram, protestaram, elogiaram e, no fundo, contribu\u00edram para que este blog fosse um instrumento de informa\u00e7\u00e3o e de partilha de opini\u00f5es. Uma palavra especial para todos os que visitam o EM, a partir dos mais variados pontos do globo. Obrigado a todos! ecletismomusical@yahoo.co.uk<\/p>","protected":false},"author":1,"featured_media":0,"comment_status":"open","ping_status":"open","sticky":false,"template":"","format":"standard","meta":[],"categories":[1],"tags":[],"_links":{"self":[{"href":"https:\/\/www.ecletismomusical.pt\/en\/wp-json\/wp\/v2\/posts\/979"}],"collection":[{"href":"https:\/\/www.ecletismomusical.pt\/en\/wp-json\/wp\/v2\/posts"}],"about":[{"href":"https:\/\/www.ecletismomusical.pt\/en\/wp-json\/wp\/v2\/types\/post"}],"author":[{"embeddable":true,"href":"https:\/\/www.ecletismomusical.pt\/en\/wp-json\/wp\/v2\/users\/1"}],"replies":[{"embeddable":true,"href":"https:\/\/www.ecletismomusical.pt\/en\/wp-json\/wp\/v2\/comments?post=979"}],"version-history":[{"count":0,"href":"https:\/\/www.ecletismomusical.pt\/en\/wp-json\/wp\/v2\/posts\/979\/revisions"}],"wp:attachment":[{"href":"https:\/\/www.ecletismomusical.pt\/en\/wp-json\/wp\/v2\/media?parent=979"}],"wp:term":[{"taxonomy":"category","embeddable":true,"href":"https:\/\/www.ecletismomusical.pt\/en\/wp-json\/wp\/v2\/categories?post=979"},{"taxonomy":"post_tag","embeddable":true,"href":"https:\/\/www.ecletismomusical.pt\/en\/wp-json\/wp\/v2\/tags?post=979"}],"curies":[{"name":"wp","href":"https:\/\/api.w.org\/{rel}","templated":true}]}}