{"id":980,"date":"2005-09-07T22:47:00","date_gmt":"2005-09-07T22:47:00","guid":{"rendered":"https:\/\/ecletismomusical.pt\/van-the-man-morrison\/"},"modified":"2005-09-07T22:47:00","modified_gmt":"2005-09-07T22:47:00","slug":"van-the-man-morrison","status":"publish","type":"post","link":"https:\/\/www.ecletismomusical.pt\/en\/van-the-man-morrison\/","title":{"rendered":"Van &#8220;The Man&#8221; Morrison"},"content":{"rendered":"<p><img src=\"http:\/\/images-eu.amazon.com\/images\/P\/B0009298OI.02.LZZZZZZZ.jpg\" \/><\/p>\n<p><a href=\"http:\/\/www.vanmorrison.co.uk\/\">Magic Time<\/a> &#8211; Van Morrison<br \/><img src=\"http:\/\/images-eu.amazon.com\/images\/G\/02\/detail\/stars-4-5.gif\" \/><\/p>\n<div><span><span>[<span>&#8220;<\/span><\/span><span>O cantor e compositor irland\u00eas Van Morrison cancelou alguns concertos da digress\u00e3o, incluindo duas datas em Outubro em Portugal. Para quem j\u00e1 comprou os bilhetes, a devolu\u00e7\u00e3o poder\u00e1 ser feita no local de compra durante 30 dias a contar da data prevista do evento.<span>&#8220;]<\/span><\/span><\/span><\/div>\n<div>O grande mestre celta est\u00e1 de volta com um trabalho capaz de, em alguns momentos, fazer o ouvinte recuar, mais de 15 anos, at\u00e9 ao brilhante <span>\u00abAvalon Sunset\u00bb<\/span>. <span>Van Morrison<\/span> \u00e9, no entanto, um homem amargurado com o mundo actual. O tema <span>\u00abKeep Mediocrity At Bay\u00bb<\/span> pode ser mesmo considerado como uma esp\u00e9cie de manifesto de revolta, contra a mediocridade e vulgaridade t\u00e3o em voga no globo.<\/p>\n<p><strong>\u00abMagic Time\u00bb<\/strong> \u00e9 o primeiro \u00e1lbum que <strong>Van Morrison<\/strong> edita pela sua pr\u00f3pria companhia discogr\u00e1fica, a <strong>Exile Music Recordings<\/strong>, e conta com a ajuda dos m\u00fasicos <strong>Brian Connor<\/strong> (piano), <strong>Foggy Lyttle<\/strong> (guitarra), <strong>David Hayes<\/strong> (baixo), <strong>Liam Bradley<\/strong> (bateria) e <strong>Jerome Rimson<\/strong> (voz).<\/p>\n<p>Este trabalho \u00e9 uma confirma\u00e7\u00e3o de que existem m\u00fasicos que sabem envelhecer, continuando a fazer, passados 40 anos de carreira, discos extremamente consistentes. Aqui a mescla entre os blues e jazz americano e a m\u00fasica tradicional celta e irlandesa, funciona na perfei\u00e7\u00e3o, sendo este um excelente \u00e1lbum para ouvir no regresso de f\u00e9rias, ao fim da tarde e com um copo na m\u00e3o.<\/p>\n<p><strong>Alinhamento:<\/strong><\/p>\n<p><span style=\"font-size:78%\">01- Stranded<br \/>02- Celtic New Year<br \/>03- Keep Mediocrity At Bay<br \/>04- Evening Train<br \/>05- This Love Of Mine<br \/>06- I&#8217;m Confessin<br \/>07- Just Like Greta<br \/>08- Gypsy In My Soul<br \/>09- Lonely And Blue<br \/><strong>10- The Lion This Time<\/strong><br \/><br \/>11- Magic Time<br \/><strong>12- They Sold Me Out<\/strong><br \/><br \/>13- Carry On Regardless<\/span><\/div>","protected":false},"excerpt":{"rendered":"<p>Magic Time &#8211; Van Morrison [&#8220;O cantor e compositor irland\u00eas Van Morrison cancelou alguns concertos da digress\u00e3o, incluindo duas datas em Outubro em Portugal. Para quem j\u00e1 comprou os bilhetes, a devolu\u00e7\u00e3o poder\u00e1 ser feita no local de compra durante 30 dias a contar da data prevista do evento.&#8220;] O grande mestre celta est\u00e1 de<\/p>","protected":false},"author":1,"featured_media":0,"comment_status":"open","ping_status":"open","sticky":false,"template":"","format":"standard","meta":[],"categories":[1],"tags":[],"_links":{"self":[{"href":"https:\/\/www.ecletismomusical.pt\/en\/wp-json\/wp\/v2\/posts\/980"}],"collection":[{"href":"https:\/\/www.ecletismomusical.pt\/en\/wp-json\/wp\/v2\/posts"}],"about":[{"href":"https:\/\/www.ecletismomusical.pt\/en\/wp-json\/wp\/v2\/types\/post"}],"author":[{"embeddable":true,"href":"https:\/\/www.ecletismomusical.pt\/en\/wp-json\/wp\/v2\/users\/1"}],"replies":[{"embeddable":true,"href":"https:\/\/www.ecletismomusical.pt\/en\/wp-json\/wp\/v2\/comments?post=980"}],"version-history":[{"count":0,"href":"https:\/\/www.ecletismomusical.pt\/en\/wp-json\/wp\/v2\/posts\/980\/revisions"}],"wp:attachment":[{"href":"https:\/\/www.ecletismomusical.pt\/en\/wp-json\/wp\/v2\/media?parent=980"}],"wp:term":[{"taxonomy":"category","embeddable":true,"href":"https:\/\/www.ecletismomusical.pt\/en\/wp-json\/wp\/v2\/categories?post=980"},{"taxonomy":"post_tag","embeddable":true,"href":"https:\/\/www.ecletismomusical.pt\/en\/wp-json\/wp\/v2\/tags?post=980"}],"curies":[{"name":"wp","href":"https:\/\/api.w.org\/{rel}","templated":true}]}}