{"id":983,"date":"2005-09-02T15:31:00","date_gmt":"2005-09-02T15:31:00","guid":{"rendered":"https:\/\/ecletismomusical.pt\/festa-do-avante-23-e-4-de-setembro\/"},"modified":"2005-09-02T15:31:00","modified_gmt":"2005-09-02T15:31:00","slug":"festa-do-avante-23-e-4-de-setembro","status":"publish","type":"post","link":"https:\/\/www.ecletismomusical.pt\/en\/festa-do-avante-23-e-4-de-setembro\/","title":{"rendered":"Festa do Avante &#8211; 2,3 e 4 de Setembro"},"content":{"rendered":"<p><img src=\"http:\/\/www.pcp.pt\/actpol\/temas\/f-avante\/festa2005\/imagens\/cartaz-festa2005.jpg\" \/><\/p>\n<div>Come\u00e7a hoje, na <strong>Quinta da Atalaia (Amora, Seixal),<\/strong> o mais antigo festival portugu\u00eas de m\u00fasica. Partidarismos \u00e0 parte, a <strong>Festa do Avante<\/strong> \u00e9, sem sombra de d\u00favida, um dos grandes acontecimentos musicais e culturais deste pa\u00eds.<\/p>\n<p>Num recinto com oito palcos, v\u00e3o desfilar cerca de 120 artistas, de onde se destacam, entre muitos outros:<\/p>\n<p><strong>2 de Setembro<\/strong> <\/div>\n<div>Carlos Bica<br \/>Haikus \u2013 Dan\u00e7a<br \/>Kussondulola<br \/>MeltingPot<br \/>Vera Mantero e Gabriel God\u00f3i interpretam Caetano Veloso<\/p>\n<p><strong>3 de Setembro<\/strong><br \/>Brigada Vitor Jara<br \/>Bunnyranch<br \/>Cl\u00e3<br \/><strong>Cristina Branco<\/strong><br \/>Joana Rios<br \/>Linda Martini<br \/>Luas de Maio<br \/>Lupanar<br \/>Otis Grand<br \/>Primitive Reason<br \/>Realejo<br \/>Xutos &amp; Pontap\u00e9s<\/p>\n<p><strong>4 de Setembro<\/strong><br \/>Blasted Mechanism<br \/>Da Weasel<br \/>Dazkarieh<br \/>Terrakota<br \/>Tricotismo<br \/>Undercut<\/p>\n<p>Programa Completo e mais informa\u00e7\u00f5es no <a href=\"http:\/\/www.pcp.pt\/actpol\/temas\/f-avante\/festa2005\/\">site oficial<\/a>. <\/div>","protected":false},"excerpt":{"rendered":"<p>Come\u00e7a hoje, na Quinta da Atalaia (Amora, Seixal), o mais antigo festival portugu\u00eas de m\u00fasica. Partidarismos \u00e0 parte, a Festa do Avante \u00e9, sem sombra de d\u00favida, um dos grandes acontecimentos musicais e culturais deste pa\u00eds. Num recinto com oito palcos, v\u00e3o desfilar cerca de 120 artistas, de onde se destacam, entre muitos outros: 2<\/p>","protected":false},"author":1,"featured_media":0,"comment_status":"open","ping_status":"open","sticky":false,"template":"","format":"standard","meta":[],"categories":[1],"tags":[],"_links":{"self":[{"href":"https:\/\/www.ecletismomusical.pt\/en\/wp-json\/wp\/v2\/posts\/983"}],"collection":[{"href":"https:\/\/www.ecletismomusical.pt\/en\/wp-json\/wp\/v2\/posts"}],"about":[{"href":"https:\/\/www.ecletismomusical.pt\/en\/wp-json\/wp\/v2\/types\/post"}],"author":[{"embeddable":true,"href":"https:\/\/www.ecletismomusical.pt\/en\/wp-json\/wp\/v2\/users\/1"}],"replies":[{"embeddable":true,"href":"https:\/\/www.ecletismomusical.pt\/en\/wp-json\/wp\/v2\/comments?post=983"}],"version-history":[{"count":0,"href":"https:\/\/www.ecletismomusical.pt\/en\/wp-json\/wp\/v2\/posts\/983\/revisions"}],"wp:attachment":[{"href":"https:\/\/www.ecletismomusical.pt\/en\/wp-json\/wp\/v2\/media?parent=983"}],"wp:term":[{"taxonomy":"category","embeddable":true,"href":"https:\/\/www.ecletismomusical.pt\/en\/wp-json\/wp\/v2\/categories?post=983"},{"taxonomy":"post_tag","embeddable":true,"href":"https:\/\/www.ecletismomusical.pt\/en\/wp-json\/wp\/v2\/tags?post=983"}],"curies":[{"name":"wp","href":"https:\/\/api.w.org\/{rel}","templated":true}]}}