{"id":986,"date":"2005-08-21T14:59:00","date_gmt":"2005-08-21T14:59:00","guid":{"rendered":"https:\/\/ecletismomusical.pt\/television-2-de-setembro\/"},"modified":"2005-08-21T14:59:00","modified_gmt":"2005-08-21T14:59:00","slug":"television-2-de-setembro","status":"publish","type":"post","link":"https:\/\/www.ecletismomusical.pt\/en\/television-2-de-setembro\/","title":{"rendered":"Television &#8211; 2 de Setembro"},"content":{"rendered":"<p><img style=\"width: 343px;height: 224px\" src=\"http:\/\/www.rhino.com\/rzine\/images\/television_band.jpg\" \/><\/p>\n<div style=\"text-align: justify\"><span style=\"font-style: italic\">\u00abOs norte-americanos Television actuam na Aula Magna, em Lisboa, no dia 2 de Setembro, \u00e0s 21:30 horas.<\/span><\/p>\n<p> <span style=\"font-style: italic\">Um dos nomes mais representativos da new wave apresenta-se em Lisboa para um espect\u00e1culo \u00fanico, em que \u00e1lbuns como \u00abMarquee Moon\u00bb, de 1977, \u00abAdventure\u00bb, de 1978, ou \u00abTelevision\u00bb, de 1992, ser\u00e3o revisitados.<\/span><\/p>\n<p> <span style=\"font-style: italic\">A banda de Tom Verlaine separarou-se em 1978 voltando a reunir-se corria o ano de 1992.<\/span><\/p>\n<p> <span style=\"font-style: italic\">Os bilhetes para o espect\u00e1culo de Lisboa custam entre 27 e 30 euros.\u00bb<\/span><br \/> <a href=\"http:\/\/diariodigital.sapo.pt\/disco_digital\/news.asp?id_news=15102\">In Disco Digital<\/a><\/div>","protected":false},"excerpt":{"rendered":"<p>\u00abOs norte-americanos Television actuam na Aula Magna, em Lisboa, no dia 2 de Setembro, \u00e0s 21:30 horas. Um dos nomes mais representativos da new wave apresenta-se em Lisboa para um espect\u00e1culo \u00fanico, em que \u00e1lbuns como \u00abMarquee Moon\u00bb, de 1977, \u00abAdventure\u00bb, de 1978, ou \u00abTelevision\u00bb, de 1992, ser\u00e3o revisitados. A banda de Tom Verlaine separarou-se<\/p>","protected":false},"author":1,"featured_media":0,"comment_status":"open","ping_status":"open","sticky":false,"template":"","format":"standard","meta":[],"categories":[1],"tags":[],"_links":{"self":[{"href":"https:\/\/www.ecletismomusical.pt\/en\/wp-json\/wp\/v2\/posts\/986"}],"collection":[{"href":"https:\/\/www.ecletismomusical.pt\/en\/wp-json\/wp\/v2\/posts"}],"about":[{"href":"https:\/\/www.ecletismomusical.pt\/en\/wp-json\/wp\/v2\/types\/post"}],"author":[{"embeddable":true,"href":"https:\/\/www.ecletismomusical.pt\/en\/wp-json\/wp\/v2\/users\/1"}],"replies":[{"embeddable":true,"href":"https:\/\/www.ecletismomusical.pt\/en\/wp-json\/wp\/v2\/comments?post=986"}],"version-history":[{"count":0,"href":"https:\/\/www.ecletismomusical.pt\/en\/wp-json\/wp\/v2\/posts\/986\/revisions"}],"wp:attachment":[{"href":"https:\/\/www.ecletismomusical.pt\/en\/wp-json\/wp\/v2\/media?parent=986"}],"wp:term":[{"taxonomy":"category","embeddable":true,"href":"https:\/\/www.ecletismomusical.pt\/en\/wp-json\/wp\/v2\/categories?post=986"},{"taxonomy":"post_tag","embeddable":true,"href":"https:\/\/www.ecletismomusical.pt\/en\/wp-json\/wp\/v2\/tags?post=986"}],"curies":[{"name":"wp","href":"https:\/\/api.w.org\/{rel}","templated":true}]}}