{"id":989,"date":"2005-08-06T07:16:00","date_gmt":"2005-08-06T07:16:00","guid":{"rendered":"https:\/\/ecletismomusical.pt\/um-dos-maiores-ataques-terroristas-da-historia\/"},"modified":"2005-08-06T07:16:00","modified_gmt":"2005-08-06T07:16:00","slug":"um-dos-maiores-ataques-terroristas-da-historia","status":"publish","type":"post","link":"https:\/\/www.ecletismomusical.pt\/en\/um-dos-maiores-ataques-terroristas-da-historia\/","title":{"rendered":"Um dos Maiores Ataques Terroristas da Hist\u00f3ria"},"content":{"rendered":"<p><img height=\"300\" src=\"http:\/\/www.exploratorium.edu\/nagasaki\/journey\/07.jpg\" width=\"412\" \/><br \/><span style=\"font-size:78%\">Foto Yosuke Yamahata<\/span><\/p>\n<p><strong>06 de Agosto\/09 de Agosto de 1945<\/strong><br \/><a href=\"http:\/\/en.wikipedia.org\/wiki\/Atomic_bombings_of_Hiroshima_and_Nagasaki\">Hist\u00f3ria<\/a><\/p>\n<p><\/p>\n<p><span><strong>Rosa de Hiroshima<\/strong><\/span><br \/><span>Vinicius de Moraes \/ Gerson Conrad<\/span><br \/><span>(Vers\u00e3o Secos &amp; Molhados &#8211; Ao Vivo Fevereiro 1974)<\/span><\/p>\n<p><span>Pensem nas crian\u00e7as<\/span><br \/><span>Mudas telep\u00e1ticas<\/span><br \/><span>Pensem nas meninas<\/span><br \/><span>Cegas inexatas<\/span><br \/><span>Pensem nas mulheres<\/span><br \/><span>Rotas alteradas<\/span><br \/><span>Pensem nas feridas<\/span><br \/><span>Como rosas c\u00e1lidas<\/span><br \/><span>Mas oh n\u00e3o se esque\u00e7am<\/span><br \/><span>Da rosa da rosa<\/span><br \/><span>Da rosa de Hiroshima<\/span><br \/><span>A rosa heredit\u00e1ria<\/span><br \/><span>A rosa radioativa<\/span><br \/><span>Est\u00fapida e inv\u00e1lida<\/span><br \/><span>A rosa com cirrose<\/span><br \/><span>A anti-rosa at\u00f4mica<\/span><br \/><span>Sem cor sem perfume<\/span><br \/><span>Sem rosa sem nada<\/span><\/p>","protected":false},"excerpt":{"rendered":"<p>Foto Yosuke Yamahata 06 de Agosto\/09 de Agosto de 1945Hist\u00f3ria Rosa de HiroshimaVinicius de Moraes \/ Gerson Conrad(Vers\u00e3o Secos &amp; Molhados &#8211; Ao Vivo Fevereiro 1974) Pensem nas crian\u00e7asMudas telep\u00e1ticasPensem nas meninasCegas inexatasPensem nas mulheresRotas alteradasPensem nas feridasComo rosas c\u00e1lidasMas oh n\u00e3o se esque\u00e7amDa rosa da rosaDa rosa de HiroshimaA rosa heredit\u00e1riaA rosa radioativaEst\u00fapida e<\/p>","protected":false},"author":1,"featured_media":0,"comment_status":"open","ping_status":"open","sticky":false,"template":"","format":"standard","meta":[],"categories":[1],"tags":[],"_links":{"self":[{"href":"https:\/\/www.ecletismomusical.pt\/en\/wp-json\/wp\/v2\/posts\/989"}],"collection":[{"href":"https:\/\/www.ecletismomusical.pt\/en\/wp-json\/wp\/v2\/posts"}],"about":[{"href":"https:\/\/www.ecletismomusical.pt\/en\/wp-json\/wp\/v2\/types\/post"}],"author":[{"embeddable":true,"href":"https:\/\/www.ecletismomusical.pt\/en\/wp-json\/wp\/v2\/users\/1"}],"replies":[{"embeddable":true,"href":"https:\/\/www.ecletismomusical.pt\/en\/wp-json\/wp\/v2\/comments?post=989"}],"version-history":[{"count":0,"href":"https:\/\/www.ecletismomusical.pt\/en\/wp-json\/wp\/v2\/posts\/989\/revisions"}],"wp:attachment":[{"href":"https:\/\/www.ecletismomusical.pt\/en\/wp-json\/wp\/v2\/media?parent=989"}],"wp:term":[{"taxonomy":"category","embeddable":true,"href":"https:\/\/www.ecletismomusical.pt\/en\/wp-json\/wp\/v2\/categories?post=989"},{"taxonomy":"post_tag","embeddable":true,"href":"https:\/\/www.ecletismomusical.pt\/en\/wp-json\/wp\/v2\/tags?post=989"}],"curies":[{"name":"wp","href":"https:\/\/api.w.org\/{rel}","templated":true}]}}