{"id":997,"date":"2005-07-19T18:49:00","date_gmt":"2005-07-19T18:49:00","guid":{"rendered":"https:\/\/ecletismomusical.pt\/africa-festival-lisboa-em-festa-2005\/"},"modified":"2005-07-19T18:49:00","modified_gmt":"2005-07-19T18:49:00","slug":"africa-festival-lisboa-em-festa-2005","status":"publish","type":"post","link":"https:\/\/www.ecletismomusical.pt\/en\/africa-festival-lisboa-em-festa-2005\/","title":{"rendered":"African Festival in Lisbon on Festival in 2005"},"content":{"rendered":"<div><a href=\"http:\/\/www.egeac.pt\/festasdelisboa\/2005\/festas2005\/festas2005.html\"><img height=\"310\" src=\"http:\/\/www.egeac.pt\/festasdelisboa\/2005\/festas2005\/fotografias\/images\/festas2005imagens\/cartazAfricaFestival.jpg\" width=\"289\" \/><\/a><\/p>\n<p>Chegaram via e-mail ao <strong>EM<\/strong>, mais informa\u00e7\u00f5es sobre o <strong>\u00c1frica Festival<\/strong> que ir\u00e1 decorrer de <strong>21 a 24 de Julho<\/strong> no <strong>Palco Bohemia do Anfiteatro Keil do Amaral<\/strong>, em <strong>Monsanto, Lisboa<\/strong>. Ser\u00e1 uma oportunidade \u00fanica de, <strong>gratuitamente<\/strong>, ver alguns dos maiores nomes da m\u00fasica Africana. Destaque para a presen\u00e7a do grande <strong>Ali Farka Tour\u00e9<\/strong> que vem acompanhado por <strong>Toumani Diabat\u00e9<\/strong>.<\/p>\n<p><strong>Programa:<\/strong><br \/><strong><br \/>Manecas Costa\/Zap Mama <\/strong><br \/>21 de Julho<br \/>22h00<\/p>\n<p><strong>Mabulu\/Ali Farka Tour\u00e9<\/strong><br \/>22 de Julho<br \/>22h00<\/p>\n<p><strong>Waldemar Bastos\/Ray Lema &amp; Chico C\u00e9sar<\/strong><br \/>23 de Julho<br \/>22h00<\/p>\n<p><strong>Lura\/Tito Paris (Ac\u00fastico com Orquestra de C\u00e2mara)<\/strong><br \/>24 de Julho<br \/>22h00<\/p>\n<p><strong>Press Release:<\/strong> <\/div>\n<div><em>\u00ab<strong>De 21 a 24 de Julho<\/strong>, Monsanto enche-se com as cores e ritmos africanos. Inserido no ciclo de concertos de <strong>Monsanto<\/strong>, uma produ\u00e7\u00e3o da EGEAC no \u00e2mbito do Lisboa em Festa 2005, o <strong>\u00c1frica Festival<\/strong> leva ao <strong>Anfiteatro Keil do Amaral<\/strong> alguns dos melhores artistas deste continente. Durante quatro noites, ali actuar\u00e3o nomes t\u00e3o conhecidos como <strong>Manecas Costa, Tito Paris, Lura ou Ali Farka Tour\u00e9<\/strong>, numa verdadeira celebra\u00e7\u00e3o da m\u00fasica de ra\u00edz africana. Para al\u00e9m dos concertos, o festival conta ainda com exposi\u00e7\u00f5es e encontros, que decorrer\u00e3o noutros pontos da cidade. Os espect\u00e1culos t\u00eam <strong>entrada livre<\/strong> e contam com duas actua\u00e7\u00f5es por noite \u00e0s <strong>22h00 e 23h30.<\/strong>\u00bb<\/em>(&#8230;)<\/p>\n<p><em>\u00ab<strong>ACESSO<\/strong> Durante as quatro noites do \u00c1frica Festival, a circula\u00e7\u00e3o no Parque Florestal de Monsanto \u00e9 assegurada por um Mini-Bus, que far\u00e1 o transporte dentro do Parque, entre as 9h30 e as 19h00, de 3\u00aa a 6\u00aa feira, e entre as 9h30 e as 19h30 todos os s\u00e1bados, domingos e feriados. O circuito encontra-se assinalado na via de rodagem em toda a sua extens\u00e3o, atrav\u00e9s do tra\u00e7o cont\u00ednuo verde, e passa pelos seguintes locais:<\/p>\n<p>Espa\u00e7o Monsanto&gt; Parque Recreativo da Serafina&gt; Parque da Pedra&gt; Cruz das Oliveiras&gt; Parque Recreativo do Alvito&gt; Estacionamento do Penedo&gt; Montes Claros&gt; Pina Manique&gt; Espa\u00e7o Monsanto.<\/p>\n<p>Para chegar at\u00e9 ao Parque Florestal de Monsanto, poder\u00e1 utilizar as carreiras 11, 14, 23, 14, 29, 43, 48 e 70 da Carris ou os El\u00e9ctricos 15 e 18.\u00bb<\/em><\/p>\n<p><em><strong>Para informa\u00e7\u00e3o adicional, nomeadamente biografias e fotografias dos artistas, contactar:<br \/><\/strong>Isabel Carri\u00e7o \/ Vanessa Marques<br \/>LPMcom<br \/>Tel. 21 850 81 10<br \/>isabelcarrico@lpmcom.pt<br \/>vanessamarques@lpmcom.pt<br \/><\/em><\/div>","protected":false},"excerpt":{"rendered":"<p>Chegaram via e-mail ao EM, mais informa\u00e7\u00f5es sobre o \u00c1frica Festival que ir\u00e1 decorrer de 21 a 24 de Julho no Palco Bohemia do Anfiteatro Keil do Amaral, em Monsanto, Lisboa. Ser\u00e1 uma oportunidade \u00fanica de, gratuitamente, ver alguns dos maiores nomes da m\u00fasica Africana. Destaque para a presen\u00e7a do grande Ali Farka Tour\u00e9 que<\/p>","protected":false},"author":1,"featured_media":0,"comment_status":"open","ping_status":"open","sticky":false,"template":"","format":"standard","meta":[],"categories":[1],"tags":[],"_links":{"self":[{"href":"https:\/\/www.ecletismomusical.pt\/en\/wp-json\/wp\/v2\/posts\/997"}],"collection":[{"href":"https:\/\/www.ecletismomusical.pt\/en\/wp-json\/wp\/v2\/posts"}],"about":[{"href":"https:\/\/www.ecletismomusical.pt\/en\/wp-json\/wp\/v2\/types\/post"}],"author":[{"embeddable":true,"href":"https:\/\/www.ecletismomusical.pt\/en\/wp-json\/wp\/v2\/users\/1"}],"replies":[{"embeddable":true,"href":"https:\/\/www.ecletismomusical.pt\/en\/wp-json\/wp\/v2\/comments?post=997"}],"version-history":[{"count":0,"href":"https:\/\/www.ecletismomusical.pt\/en\/wp-json\/wp\/v2\/posts\/997\/revisions"}],"wp:attachment":[{"href":"https:\/\/www.ecletismomusical.pt\/en\/wp-json\/wp\/v2\/media?parent=997"}],"wp:term":[{"taxonomy":"category","embeddable":true,"href":"https:\/\/www.ecletismomusical.pt\/en\/wp-json\/wp\/v2\/categories?post=997"},{"taxonomy":"post_tag","embeddable":true,"href":"https:\/\/www.ecletismomusical.pt\/en\/wp-json\/wp\/v2\/tags?post=997"}],"curies":[{"name":"wp","href":"https:\/\/api.w.org\/{rel}","templated":true}]}}