{"id":9987,"date":"2026-09-03T10:31:01","date_gmt":"2026-09-03T09:31:01","guid":{"rendered":"https:\/\/www.ecletismomusical.pt\/?p=9987"},"modified":"2026-09-03T10:31:07","modified_gmt":"2026-09-03T09:31:07","slug":"festival-iminente-2026","status":"publish","type":"post","link":"https:\/\/www.ecletismomusical.pt\/en\/festival-iminente-2026\/","title":{"rendered":"[Festival] Iminente 2026"},"content":{"rendered":"<p>Em 2018, quando o Ecletismo Musical subiu Monsanto para acompanhar o <a href=\"https:\/\/www.instagram.com\/festivaliminente\/\">Festival Iminente<\/a>, era dif\u00edcil perceber onde acabava o festival e come\u00e7ava o edif\u00edcio.<\/p>\n\n\n\n<p>O Panor\u00e2mico de Monsanto foi durante d\u00e9cadas muitas coisas antes de se transformar numa das ru\u00ednas mais reconhec\u00edveis de Lisboa. Naquele fim de semana de setembro, transformou-se totalmente. Havia m\u00fasica na cave, concertos no exterior, interven\u00e7\u00f5es espalhadas pelo bet\u00e3o, pessoas a subir e a descer pisos sem saber exatamente o que encontrariam a seguir e Lisboa inteira a aparecer, de vez em quando, atrav\u00e9s daquele horizonte de 360 graus.<\/p>\n\n\n\n<img width=\"960\" height=\"960\" src=\"https:\/\/www.ecletismomusical.pt\/wp-content\/uploads\/2026\/09\/42393323_3820014991355729_3767802670786543616_n.jpg\" alt=\"\" class=\"wp-image-9988\" srcset=\"https:\/\/www.ecletismomusical.pt\/wp-content\/uploads\/2026\/09\/42393323_3820014991355729_3767802670786543616_n.jpg 960w, https:\/\/www.ecletismomusical.pt\/wp-content\/uploads\/2026\/09\/42393323_3820014991355729_3767802670786543616_n-300x300.jpg 300w, https:\/\/www.ecletismomusical.pt\/wp-content\/uploads\/2026\/09\/42393323_3820014991355729_3767802670786543616_n-150x150.jpg 150w, https:\/\/www.ecletismomusical.pt\/wp-content\/uploads\/2026\/09\/42393323_3820014991355729_3767802670786543616_n-768x768.jpg 768w, https:\/\/www.ecletismomusical.pt\/wp-content\/uploads\/2026\/09\/42393323_3820014991355729_3767802670786543616_n-12x12.jpg 12w\" \/>\n\n\n\n<p>Por l\u00e1 passaram nomes como Conan Osiris, Bonga, Omar Souleyman. Valete, Kool G Rap, Havoc dos Mobb Deep e DJ Maseo dos De La Soul, mas igualmente Sara Tavares, Gisela Jo\u00e3o, Fogo Fogo, Marta Ren &amp; The Groovelvets, Dengue Dengue Dengue ou Carl\u00e3o.<\/p>\n\n\n\n<p>Era poss\u00edvel entrar numa divis\u00e3o sem saber exatamente o que acontecia l\u00e1 dentro, parar diante de uma parede, seguir um som que vinha de outro piso ou simplesmente esquecer durante algum tempo o concerto para o qual se estava inicialmente a caminhar. Vhils, Wasted Rita, \u00b1MAISMENOS\u00b1, Andr\u00e9 Saraiva, Francisco Vidal e outros artistas tinham espalhado trabalho pelo Panor\u00e2mico e Marielle Franco, assassinada poucos meses antes no Rio de Janeiro, permanecia tamb\u00e9m nas paredes e na mem\u00f3ria de uma edi\u00e7\u00e3o onde arte e interven\u00e7\u00e3o nunca surgiam completamente separadas.<\/p>\n\n\n\n<img width=\"787\" height=\"590\" src=\"https:\/\/www.ecletismomusical.pt\/wp-content\/uploads\/2026\/09\/42249346_3819179108105984_28307721426042880_n-1-787x590_c.jpg\" alt=\"\" class=\"wp-image-9989\" srcset=\"https:\/\/www.ecletismomusical.pt\/wp-content\/uploads\/2026\/09\/42249346_3819179108105984_28307721426042880_n-1-787x590_c.jpg 787w, https:\/\/www.ecletismomusical.pt\/wp-content\/uploads\/2026\/09\/42249346_3819179108105984_28307721426042880_n-1-787x590_c-300x225.jpg 300w, https:\/\/www.ecletismomusical.pt\/wp-content\/uploads\/2026\/09\/42249346_3819179108105984_28307721426042880_n-1-787x590_c-768x576.jpg 768w, https:\/\/www.ecletismomusical.pt\/wp-content\/uploads\/2026\/09\/42249346_3819179108105984_28307721426042880_n-1-787x590_c-16x12.jpg 16w\" \/>\n\n\n\n<p>Oito anos depois, essa mem\u00f3ria torna particularmente interessante o regresso do Iminente.<\/p>\n\n\n\n<p><strong>Entre 17 e 20 de setembro<\/strong>, o festival celebra dez anos e volta a escolher em Lisboa um espa\u00e7o que deixou de cumprir a fun\u00e7\u00e3o para a qual foi constru\u00eddo. Desta vez n\u00e3o \u00e9 um antigo restaurante panor\u00e2mico abandonado no meio de Monsanto, mas a antiga <strong>Escola Industrial Afonso Domingues<\/strong>, em Marvila, encerrada desde 2010 e novamente aberta ao p\u00fablico durante quatro dias.<\/p>\n\n\n\n<img width=\"700\" height=\"393\" src=\"https:\/\/www.ecletismomusical.pt\/wp-content\/uploads\/2026\/09\/esc.jpg\" alt=\"\" class=\"wp-image-9991\" srcset=\"https:\/\/www.ecletismomusical.pt\/wp-content\/uploads\/2026\/09\/esc.jpg 700w, https:\/\/www.ecletismomusical.pt\/wp-content\/uploads\/2026\/09\/esc-300x168.jpg 300w, https:\/\/www.ecletismomusical.pt\/wp-content\/uploads\/2026\/09\/esc-18x10.jpg 18w\" \/>\n\n\n\n<p>H\u00e1 qualquer coisa de profundamente coerente nesta escolha. Porque ocupar temporariamente um edif\u00edcio abandonado com m\u00fasica e arte \u00e9 tamb\u00e9m perguntar o que pode ainda acontecer dentro de lugares que a cidade deixou para tr\u00e1s.<\/p>\n\n\n\n<p>Durante quatro dias, salas onde antes se ensinava transformam-se em espa\u00e7os de exposi\u00e7\u00e3o. Os corredores deixam de servir apenas para ligar aulas e passam a fazer parte de um percurso art\u00edstico. At\u00e9 Jos\u00e9 Saramago regressa simbolicamente \u00e0 escola onde estudou, atrav\u00e9s de um trabalho de Vhils que recupera o rosto do escritor e o coloca em di\u00e1logo com o mar.<\/p>\n\n\n\n<p>Mas se existe continuidade entre o Panor\u00e2mico de 2018 e Marvila em 2026, ela n\u00e3o est\u00e1 apenas na ocupa\u00e7\u00e3o de espa\u00e7os improv\u00e1veis.<\/p>\n\n\n\n<p>DJ Premier pode existir no mesmo programa que Gisela Jo\u00e3o. Sam The Kid pode apresentar \u201cBeats Vol.1: Amor\u201d acompanhado por Orquestra e Orelha Negra enquanto Lena d\u2019\u00c1gua, Ana Lua Caiano, A Garota N\u00e3o, Expresso Transatl\u00e2ntico, Capicua, Dino D&#8217; Santiago, Luedji Luna, Bahamadia, Black Milk, Conway the Machine, Xullaji ou M\u00e3o Morta ocupam outros lugares de um cartaz que continua pouco interessado em respeitar divis\u00f5es demasiado r\u00edgidas.<\/p>\n\n\n\n<img width=\"698\" height=\"874\" src=\"https:\/\/www.ecletismomusical.pt\/wp-content\/uploads\/2026\/09\/iminente.jpg\" alt=\"\" class=\"wp-image-9990\" srcset=\"https:\/\/www.ecletismomusical.pt\/wp-content\/uploads\/2026\/09\/iminente.jpg 698w, https:\/\/www.ecletismomusical.pt\/wp-content\/uploads\/2026\/09\/iminente-240x300.jpg 240w, https:\/\/www.ecletismomusical.pt\/wp-content\/uploads\/2026\/09\/iminente-10x12.jpg 10w\" \/>\n\n\n\n<p>H\u00e1 ainda regressos carregados de significado.<\/p>\n\n\n\n<p>Os Mind Da Gap voltam aos palcos, recuperando uma parte fundamental da hist\u00f3ria do hip-hop portugu\u00eas. Original Kappa, nome que Allen Halloween escolheu para este novo cap\u00edtulo da sua vida art\u00edstica, atravessa diferentes momentos do seu percurso em \u201cNoite da Lisa\u201d. Batida regressa a \u201cModelo Africano\u201d uma d\u00e9cada depois de o ter apresentado na primeira edi\u00e7\u00e3o do Iminente.<\/p>\n\n\n\n<p>E h\u00e1 encontros que s\u00f3 fazem sentido porque algu\u00e9m decidiu criar condi\u00e7\u00f5es para que acontecessem. UN!DD re\u00fane Ac\u00e1cia Maior, Cachupa Psicad\u00e9lica, Sc\u00faru Fitch\u00e1du e Fidju Kitxora numa cria\u00e7\u00e3o pensada para o festival, colocando em di\u00e1logo quatro formas diferentes de trabalhar uma nova m\u00fasica de matriz cabo-verdiana feita em redor de Lisboa. Tradi\u00e7\u00e3o, funan\u00e1, rock, spoken word, dub e eletr\u00f3nica deixam de precisar de escolher a gaveta onde pertencem.<\/p>\n\n\n\n<p>\u00c9 provavelmente a\u00ed que o Iminente continua mais interessante. N\u00e3o quando apresenta cultura urbana como um g\u00e9nero, mas quando a entende como consequ\u00eancia de uma cidade e todo o seu ecletismo.<\/p>","protected":false},"excerpt":{"rendered":"<p>Em 2018, quando o Ecletismo Musical subiu Monsanto para acompanhar o Festival Iminente, era dif\u00edcil perceber onde acabava o festival e come\u00e7ava o edif\u00edcio. O Panor\u00e2mico de Monsanto foi durante d\u00e9cadas muitas coisas antes de se transformar numa das ru\u00ednas mais reconhec\u00edveis de Lisboa. Naquele fim de semana de setembro, transformou-se totalmente. Havia m\u00fasica na<\/p>","protected":false},"author":1,"featured_media":9992,"comment_status":"open","ping_status":"open","sticky":false,"template":"","format":"standard","meta":[],"categories":[1,24,30],"tags":[54,427,474],"_links":{"self":[{"href":"https:\/\/www.ecletismomusical.pt\/en\/wp-json\/wp\/v2\/posts\/9987"}],"collection":[{"href":"https:\/\/www.ecletismomusical.pt\/en\/wp-json\/wp\/v2\/posts"}],"about":[{"href":"https:\/\/www.ecletismomusical.pt\/en\/wp-json\/wp\/v2\/types\/post"}],"author":[{"embeddable":true,"href":"https:\/\/www.ecletismomusical.pt\/en\/wp-json\/wp\/v2\/users\/1"}],"replies":[{"embeddable":true,"href":"https:\/\/www.ecletismomusical.pt\/en\/wp-json\/wp\/v2\/comments?post=9987"}],"version-history":[{"count":1,"href":"https:\/\/www.ecletismomusical.pt\/en\/wp-json\/wp\/v2\/posts\/9987\/revisions"}],"predecessor-version":[{"id":9993,"href":"https:\/\/www.ecletismomusical.pt\/en\/wp-json\/wp\/v2\/posts\/9987\/revisions\/9993"}],"wp:featuredmedia":[{"embeddable":true,"href":"https:\/\/www.ecletismomusical.pt\/en\/wp-json\/wp\/v2\/media\/9992"}],"wp:attachment":[{"href":"https:\/\/www.ecletismomusical.pt\/en\/wp-json\/wp\/v2\/media?parent=9987"}],"wp:term":[{"taxonomy":"category","embeddable":true,"href":"https:\/\/www.ecletismomusical.pt\/en\/wp-json\/wp\/v2\/categories?post=9987"},{"taxonomy":"post_tag","embeddable":true,"href":"https:\/\/www.ecletismomusical.pt\/en\/wp-json\/wp\/v2\/tags?post=9987"}],"curies":[{"name":"wp","href":"https:\/\/api.w.org\/{rel}","templated":true}]}}