{"id":999,"date":"2005-07-14T17:06:00","date_gmt":"2005-07-14T17:06:00","guid":{"rendered":"https:\/\/ecletismomusical.pt\/assim-vai-a-cultura-em-portugal\/"},"modified":"2005-07-14T17:06:00","modified_gmt":"2005-07-14T17:06:00","slug":"assim-vai-a-cultura-em-portugal","status":"publish","type":"post","link":"https:\/\/www.ecletismomusical.pt\/en\/assim-vai-a-cultura-em-portugal\/","title":{"rendered":"Assim vai a cultura em Portugal&#8230;"},"content":{"rendered":"<div><img height=\"282\" src=\"http:\/\/www.joyce.org\/images\/gulbenkianh.jpg\" width=\"230\" \/><\/p>\n<p><em>\u00abO <a href=\"http:\/\/www.musica.gulbenkian.pt\/ballet\/\">Ballet Gulbenkian<\/a> foi extinto &#8220;no quadro de reestrutura\u00e7\u00e3o&#8221; da institui\u00e7\u00e3o e face \u00e0 altera\u00e7\u00e3o do panorama da dan\u00e7a em Portugal.<\/p>\n<p>A Funda\u00e7\u00e3o Calouste Gulbenkian anunciou no passado dia 5 de Julho, em comunicado, a extin\u00e7\u00e3o da sua companhia de dan\u00e7a criada h\u00e1 40 anos e a adapta\u00e7\u00e3o da sua interven\u00e7\u00e3o nesta \u00e1rea \u00e0s novas realidades.\u00bb<\/em> <a href=\"http:\/\/www.publico.clix.pt\/shownews.asp?id=1228172&amp;idCanal=14\">in Publico.pt<\/a><\/p>\n<p><a href=\"http:\/\/www.petitiononline.com\/bg05ext\/petition.html\">Peti\u00e7\u00e3o contra a extin\u00e7\u00e3o do Ballet Gulbenkian<\/a>:<\/p>\n<p><em>\u00abN\u00e3o \u00e9 justo, excelent\u00edssimos senhores. \u00c9, na nossa opini\u00e3o, um crime cultural contra o pa\u00eds. Temos no\u00e7\u00e3o de que o BG n\u00e3o \u00e9 uma institui\u00e7\u00e3o p\u00fablica. Sabemos que a Funda\u00e7\u00e3o Calouste Gulbenkian \u00e9 soberana nesta decis\u00e3o. Mas quarenta anos de vida \u2013 e que vida \u2013 tornaram o BG patrim\u00f3nio nacional. E o patrim\u00f3nio nacional, manda a lei, a \u00e9tica e o bom senso, deve ser defendido. Esta extin\u00e7\u00e3o n\u00e3o faz justi\u00e7a ao Ballet Gulbenkian nem ao seu p\u00fablico. N\u00e3o faz justi\u00e7a a Portugal. Nem faz justi\u00e7a \u00e0 Funda\u00e7\u00e3o Calouste Gulbenkian, grande farol de um pa\u00eds culturalmente tacteante. Pedimos, por isso, que reconsiderem a vossa decis\u00e3o. Sob pena de ficarem para a hist\u00f3ria \u2013 da FCG e de Portugal \u2013 como os carrascos de um membro insubstitu\u00edvel do panorama art\u00edstico nacional.\u00bb<br \/><\/em><br \/>Mais informa\u00e7\u00f5es &#8211; <a href=\"http:\/\/balletgulbenkian.blogspot.com\/\">Blog<\/a> Ballet Gulbenkian <\/p>\n<p><img height=\"239\" src=\"http:\/\/photos1.blogger.com\/blogger\/3552\/1283\/1600\/tombstone.jpg\" width=\"401\" \/><br \/>Foto Blog <a href=\"http:\/\/abaixodecao.blogspot.com\/\">Abaixo de C\u00e3o <\/a><\/div>","protected":false},"excerpt":{"rendered":"<p>\u00abO Ballet Gulbenkian foi extinto &#8220;no quadro de reestrutura\u00e7\u00e3o&#8221; da institui\u00e7\u00e3o e face \u00e0 altera\u00e7\u00e3o do panorama da dan\u00e7a em Portugal. A Funda\u00e7\u00e3o Calouste Gulbenkian anunciou no passado dia 5 de Julho, em comunicado, a extin\u00e7\u00e3o da sua companhia de dan\u00e7a criada h\u00e1 40 anos e a adapta\u00e7\u00e3o da sua interven\u00e7\u00e3o nesta \u00e1rea \u00e0s novas<\/p>","protected":false},"author":1,"featured_media":0,"comment_status":"open","ping_status":"open","sticky":false,"template":"","format":"standard","meta":[],"categories":[1],"tags":[],"_links":{"self":[{"href":"https:\/\/www.ecletismomusical.pt\/en\/wp-json\/wp\/v2\/posts\/999"}],"collection":[{"href":"https:\/\/www.ecletismomusical.pt\/en\/wp-json\/wp\/v2\/posts"}],"about":[{"href":"https:\/\/www.ecletismomusical.pt\/en\/wp-json\/wp\/v2\/types\/post"}],"author":[{"embeddable":true,"href":"https:\/\/www.ecletismomusical.pt\/en\/wp-json\/wp\/v2\/users\/1"}],"replies":[{"embeddable":true,"href":"https:\/\/www.ecletismomusical.pt\/en\/wp-json\/wp\/v2\/comments?post=999"}],"version-history":[{"count":0,"href":"https:\/\/www.ecletismomusical.pt\/en\/wp-json\/wp\/v2\/posts\/999\/revisions"}],"wp:attachment":[{"href":"https:\/\/www.ecletismomusical.pt\/en\/wp-json\/wp\/v2\/media?parent=999"}],"wp:term":[{"taxonomy":"category","embeddable":true,"href":"https:\/\/www.ecletismomusical.pt\/en\/wp-json\/wp\/v2\/categories?post=999"},{"taxonomy":"post_tag","embeddable":true,"href":"https:\/\/www.ecletismomusical.pt\/en\/wp-json\/wp\/v2\/tags?post=999"}],"curies":[{"name":"wp","href":"https:\/\/api.w.org\/{rel}","templated":true}]}}