{"id":9994,"date":"2026-09-03T19:25:21","date_gmt":"2026-09-03T18:25:21","guid":{"rendered":"https:\/\/www.ecletismomusical.pt\/?p=9994"},"modified":"2026-09-03T11:35:35","modified_gmt":"2026-09-03T10:35:35","slug":"live-performance-sergio-godinho-os-assessores-o-primeiro-dia-ao-vivo-no-vodafone-paredes-de-coura","status":"publish","type":"post","link":"https:\/\/www.ecletismomusical.pt\/en\/live-performance-sergio-godinho-os-assessores-o-primeiro-dia-ao-vivo-no-vodafone-paredes-de-coura\/","title":{"rendered":"[Live Performance] S\u00e9rgio Godinho &#038; Os Assessores &#8211; O Primeiro Dia (Ao vivo no Vodafone Paredes de Coura)"},"content":{"rendered":"<p>Gravado a 14 de agosto no Vodafone Paredes de Coura, o novo registo ao vivo de \u201cO Primeiro Dia\u201d recupera um dos temas fundamentais de <em>Pano-Cru<\/em>, \u00e1lbum editado em 1978, mas encontra-lhe outro significado. Diante de um anfiteatro cheio e atravessado por v\u00e1rias gera\u00e7\u00f5es, S\u00e9rgio Godinho e Os Assessores transformaram uma can\u00e7\u00e3o sobre recome\u00e7ar numa esp\u00e9cie de passagem coletiva do tempo.<\/p>\n\n\n\n<div class=\"wp-block-embed__wrapper\">\n<iframe width=\"900\" height=\"506\" src=\"https:\/\/www.youtube.com\/embed\/ushVFWlk2hI?feature=oembed\" frameborder=\"0\" allowfullscreen><\/iframe>\n<\/div>\n\n\n\n<p>O concerto tinha sido tamb\u00e9m uma celebra\u00e7\u00e3o de uma obra e de uma ideia de liberdade, com A Garota N\u00e3o, Ana Lua Caiano, Capicua, Manuela Azevedo, Milhanas e Samuel \u00daria a juntarem-se ao m\u00fasico ao longo da atua\u00e7\u00e3o. <\/p>\n\n\n\n<p><\/p>","protected":false},"excerpt":{"rendered":"<p>Gravado a 14 de agosto no Vodafone Paredes de Coura, o novo registo ao vivo de \u201cO Primeiro Dia\u201d recupera um dos temas fundamentais de Pano-Cru, \u00e1lbum editado em 1978, mas encontra-lhe outro significado. Diante de um anfiteatro cheio e atravessado por v\u00e1rias gera\u00e7\u00f5es, S\u00e9rgio Godinho e Os Assessores transformaram uma can\u00e7\u00e3o sobre recome\u00e7ar numa<\/p>","protected":false},"author":1,"featured_media":9995,"comment_status":"open","ping_status":"open","sticky":false,"template":"","format":"standard","meta":[],"categories":[23,1,24,175,1279],"tags":[205,1449],"_links":{"self":[{"href":"https:\/\/www.ecletismomusical.pt\/en\/wp-json\/wp\/v2\/posts\/9994"}],"collection":[{"href":"https:\/\/www.ecletismomusical.pt\/en\/wp-json\/wp\/v2\/posts"}],"about":[{"href":"https:\/\/www.ecletismomusical.pt\/en\/wp-json\/wp\/v2\/types\/post"}],"author":[{"embeddable":true,"href":"https:\/\/www.ecletismomusical.pt\/en\/wp-json\/wp\/v2\/users\/1"}],"replies":[{"embeddable":true,"href":"https:\/\/www.ecletismomusical.pt\/en\/wp-json\/wp\/v2\/comments?post=9994"}],"version-history":[{"count":1,"href":"https:\/\/www.ecletismomusical.pt\/en\/wp-json\/wp\/v2\/posts\/9994\/revisions"}],"predecessor-version":[{"id":9996,"href":"https:\/\/www.ecletismomusical.pt\/en\/wp-json\/wp\/v2\/posts\/9994\/revisions\/9996"}],"wp:featuredmedia":[{"embeddable":true,"href":"https:\/\/www.ecletismomusical.pt\/en\/wp-json\/wp\/v2\/media\/9995"}],"wp:attachment":[{"href":"https:\/\/www.ecletismomusical.pt\/en\/wp-json\/wp\/v2\/media?parent=9994"}],"wp:term":[{"taxonomy":"category","embeddable":true,"href":"https:\/\/www.ecletismomusical.pt\/en\/wp-json\/wp\/v2\/categories?post=9994"},{"taxonomy":"post_tag","embeddable":true,"href":"https:\/\/www.ecletismomusical.pt\/en\/wp-json\/wp\/v2\/tags?post=9994"}],"curies":[{"name":"wp","href":"https:\/\/api.w.org\/{rel}","templated":true}]}}